{"id":1563,"date":"2019-01-23T12:26:58","date_gmt":"2019-01-23T12:26:58","guid":{"rendered":"https:\/\/manon.qodeinteractive.com\/?p=1563"},"modified":"2025-04-25T02:57:19","modified_gmt":"2025-04-25T00:57:19","slug":"equipe-elongo","status":"publish","type":"post","link":"https:\/\/elongo-festival.com\/index.php\/2019\/01\/23\/equipe-elongo\/","title":{"rendered":"L&#8217;\u00e9quipe Elongo"},"content":{"rendered":"<div class=\"wpb-content-wrapper\"><p>[vc_row][vc_column][vc_column_text css=&#8221;&#8221;]<b>La team Elongo \u2013 une \u00e9quipe cr\u00e9ative exigeante &amp; un p\u00f4le performant de production.<\/b><\/p>\n<p><span style=\"font-weight: 400;\">Le Festival Elongo est un projet imagine\u0301 et finance\u0301 par l&#8217;agence belge de coop\u00e9ration internationale Enabel dans le cadre de son programme \u00ab Jeunesse Cre\u0301ative \u00bb. Le projet Jeunesse Cr\u00e9ative est une intervention centralis\u00e9e et pilot\u00e9e \u00e0 Kinshasa. Ses activit\u00e9s sp\u00e9cifiques se d\u00e9ploient sur plusieurs centres urbains (Kinshasa, Lubumbashi, Mbuji-Mayi et Kisangani) cibl\u00e9s en fonction des opportunit\u00e9s, des besoins et des acteurs pr\u00e9sents localement. Cette intervention constitue le second volet du pilier 1 de la strat\u00e9gie Enabel 2023-2027 qui vise \u00e0 valoriser le potentiel de la jeunesse, tant en termes de formation et d\u2019int\u00e9gration \u00e9conomique, que d\u2019\u00e9panouissement socio-culturel.<\/span><\/p>\n<p><span style=\"font-weight: 400;\">Pour le Festival Elongo, ce sont pali pali (Bruxelles), Les Halles de Schaerbeek (Bruxelles) et Neo Labo (Kin\/ Brazza) qui ont \u00e9t\u00e9 choisis pour apporter leurs comp\u00e9tences et mettre en \u0153uvre ce programme structurant qui vise mettre en lumi\u00e8re la cr\u00e9ativit\u00e9\u0301 extraordinaire de la jeunesse congolaise.\u00a0<\/span><\/p>\n<p><b>pali pali<\/b><span style=\"font-weight: 400;\">, acc\u00e9l\u00e9rateur de projets culturels, sociaux et solidaires, cr\u00e9e, g\u00e8re et dynamise des lieux d\u2019\u00e9changes et d\u2019exp\u00e9rimentation : incubateurs, tiers-lieux, occupations temporaires. La mission de pali pali est d\u2019accompagner les projets qui permettent la transformation des organisations vers un mod\u00e8le plus culturel, plus durable et plus responsable. (Programmes d\u2019accompagnement a\u0300 l\u2019entrepreneuriat). pali pali g\u00e8re r\u00e9guli\u00e8rement des projets internationaux (Cr\u00e9ation du premier tiers-lieu de Guin\u00e9e, coordination du Pavillon de la Belgique \u00e0 Osaka 2025, etc.)<\/span><\/p>\n<p><b>Les Halles de Schaerbeek<\/b><span style=\"font-weight: 400;\"> sont un Centre Sc\u00e9nique de la F\u00e9d\u00e9ration Wallonie-Bruxelles (FWB). A ce titre, elles soutiennent les artistes et la cr\u00e9ation artistique contemporaine nationale et internationale. Les Halles \u0153uvrent \u00e0 faire se rencontrer les diff\u00e9rentes communaut\u00e9s qui composent la Belgique et au-del\u00e0. Elles sont un lieu de cultures populaires et s\u2019efforcent de donner de la visibilit\u00e9 aux communaut\u00e9s marginalis\u00e9es et, en tant que tel, aspirent \u00e0 \u00eatre un lieu de cr\u00e9ation de nouvelles solidarit\u00e9s.\u00a0<\/span><\/p>\n<p><span style=\"font-weight: 400;\">Elle sont dirig\u00e9es par <\/span><b>Mathieu Goeury<\/b><span style=\"font-weight: 400;\"> qui est pass\u00e9 par le Centre Pompidou Metz et a rejoint l\u2019\u00e9quipe de programmation du Vorruit (Gand) en 2011, avant d\u2019en devenir le coordinateur artistique en 2015. Il a rejoint les Hallles en tant que Directeur en 2023.\u00a0<\/span><\/p>\n<p><b>Neo Labo<\/b><span style=\"font-weight: 400;\"> est une structure a\u0300 la fois souple et solide qui con\u00e7oit et r\u00e9alise des \u00e9v\u00e8nements dans un milieu parfois hostile. Un laboratoire de cr\u00e9ation innovant. Une agence de production r\u00e9aliste. Neo Labo op\u00e8re en RDC, au Congo Brazzaville et en \u00c9thiopie aupr\u00e8s des institutions, des entreprises, du tissu associatif et ONG sur des projets de nature tr\u00e8s diverses &#8211; communication &amp; \u00e9v\u00e8nements corporate \u2013 Team building &#8211; campagnes publicit\u00e9 multicanal &#8211; \u00e9v\u00e9nements culturels &#8211; relations presse &amp; m\u00e9dias- Street marketing.\u00a0<\/span><\/p>\n<p><span style=\"font-weight: 400;\">Afin d\u2019avoir un regard professionnel sur les talents candidats et d\u2019assurer la coh\u00e9rence artistique du programme, nous vous pr\u00e9sentons les directeurs artistiques associ\u00e9s du festival et nous ne sommes pas peu fiers d\u2019avoir \u00e0 nos c\u00f4t\u00e9s de formidables artistes et op\u00e9rateurs qui excellent dans leur discipline respective et qui ont \u00e0 c\u0153ur de partager leur passion et de transmettre ce qu\u2019ils ont appris au cours de leur parcours empreints d\u2019audace, de travail et de r\u00e9silience.\u00a0<\/span><\/p>\n<p><b>Coordination \u2013 El\u00e9nore Hellio<\/b><\/p>\n<p><span style=\"font-weight: 400;\">El\u00e9onore Hellio est artiste et enseignante des arts hors-formats. Install\u00e9e en R\u00e9publique d\u00e9mocratique du Congo depuis 2006, elle a fond\u00e9 le collectif Kongo Astronauts avec Michel Ekeba. Leur travail engage une r\u00e9flexion sur l\u2019impact de la globalisation digitale et les d\u00e9fis postcoloniaux. Elle est aussi membre co-fondatrice du Cercle d\u2019Art des Travailleurs de Plantation Congolaise, o\u00f9 elle accompagne les artistes dans les ateliers d\u2019art depuis plus de dix ans. Elle assure \u00e9galement la direction artistique de nombreux projets NEO LABO.<\/span><\/p>\n<p><b>P\u00f4le Th\u00e9\u00e2tre \u2013 Chouchou Yoka<\/b><\/p>\n<p><span style=\"font-weight: 400;\">Ne\u0301e le 10 Mai 1998 a\u0300 Bomongo dans la province de l&#8217;e\u0301quateur en RDC, diplo\u0302me\u0301e en peinture a\u0300 l\u2019institut des Beaux-arts a\u0300 Kinshasa, diplo\u0302me\u0301e en Art dramatique option mise en sce\u0300ne a\u0300 l\u2019Institut National des Arts(INA), Chouchou Yoka Ekosi est une artiste- come\u0301dienne et peintre qui a joue\u0301 dans plusieurs projets cine\u0301matographiques et the\u0301a\u0302traux tels que \u00abAmour a\u0300 200mettres \u00bb une se\u0301rie te\u0301le\u0301vise\u0301e produit par Canal + et Mila Media (2018), \u00ab Apre\u0300s coup \u00bb un court-me\u0301trage de Twana Sheriya dont elle a rec\u0327u le prix de la meilleure interpre\u0301tation fe\u0301minine a\u0300 la 7<\/span><span style=\"font-weight: 400;\">e\u0300me <\/span><span style=\"font-weight: 400;\">e\u0301dition du Festival International de Kinshasa et \u00ab Mahungu \u00bb une pie\u0300ce de the\u0301a\u0302tre Laetitia Ajanohum mise en sce\u0300ne par Jean-Paul Delore (2023). En mars 2023, Chouchou participe aux ateliers de jeu d\u2019acteur organise\u0301s par la compagnie le praticable (le fil des come\u0301diens) a\u0300 Bamako avec l&#8217;e\u0301crivain-metteur en sce\u0300ne Dieuonne\u0301 Niangouna. Au mois de mai de la me\u0302me anne\u0301e, elle participe a\u0300 la rencontre dramaturgique de Kinshasa avec Aminata Abdoulaye et Tina Way pour une lecture sce\u0301nique. Depuis 2019, Chouchou collabore avec le Tarmac des auteurs dans plusieurs pie\u0300ces de the\u0301a\u0302tre.\u00a0<\/span><\/p>\n<p><b>P\u00f4le musique &#8211; Kratos Beat<\/b><\/p>\n<p><span style=\"font-weight: 400;\">Kratos Beat est un auteur-compositeur, interpre\u0300te mais surtout un grand amoureux du beatbox et du beatmaking. Figure iconique de la sc\u00e8ne urbaine congolaise, Kratos est un as de la composition rythmique. Kratos se passionne autant pour les musiques actuelles mondiales et africaines que pour les musiques traditionnelles de la RDC\u00a0; c\u2019est son extraordinaire ouverture d\u2019esprit musical qui le conduit \u00e0 cr\u00e9er ses propres \u0153uvres et \u00e0 collaborer avec de nombreux artistes congolais et \u00e9trangers dont Alesh, Gally Garvey, Sista Becky, LM Soldat, Mic Mac, LMB, Marshall Dixon, Marciano, Yekima de Bel Art, Ferre Gola, Daara J family&#8230;\u00a0<\/span><\/p>\n<p><b>P\u00f4le humour &amp; stand up \u2013 Abelle Bowala Ilela\u00a0<\/b><\/p>\n<p><span style=\"font-weight: 400;\">Abelle Bowala ilela, fille de Bowala Ferdinand et de Fuku Anthoinette est n\u00e9e \u00e0 Kinshasa au c\u0153ur de la saison s\u00e8che 1983. Elle est la troisi\u00e8me de sa famille d&#8217;une grande fratrie.\u00a0<\/span><\/p>\n<p><span style=\"font-weight: 400;\">Passionn\u00e9e d\u2019art depuis l&#8217;enfance, elle a suivi des \u00e9tudes artistiques \u00e0 l\u2019acad\u00e9mie des Beaux-arts puis a ensuite d\u00e9velopp\u00e9 ses talents sc\u00e9niques en autodidacte. Elle se concentre depuis plus de 10 ans sur l\u2019humour et le stand up, discipline qui l\u2019a conduit \u00e0 se produire dans de nombreux pays. Abelle est une \u00e9picurienne, elle prend la vie du bon c\u00f4t\u00e9, trouve toujours le verre \u00e0 moiti\u00e9 plein quand tout le monde le voit \u00e0 moiti\u00e9 vide, elle aime&#8230;la vie\u00a0!<\/span><\/p>\n<p><b>P\u00f4le Danse \u2013 Sista Becky<\/b><\/p>\n<p><span style=\"font-weight: 400;\">SISTA BECKY, artiste musicienne n\u00e9e \u00e0 Kinshasa, est une figure incontournable du rap congolais qui s\u2019impose par sa polyvalence artistique unique. Rappeuse, chanteuse, paroli\u00e8re et danseuse, elle fusionne flow percutant, textes lyriques profonds et pr\u00e9sence sc\u00e9nique captivante, lui permettant de marquer la sc\u00e8ne musicale urbaine.Audacieuse, passionn\u00e9e et d\u00e9termin\u00e9e, SISTA BECKY a su briser les codes d\u2019un univers largement domin\u00e9 par les hommes, s\u2019imposant comme une r\u00e9f\u00e9rence et une source d\u2019inspiration pour toute une g\u00e9n\u00e9ration. Aujourd\u2019hui, son art d\u00e9passe les fronti\u00e8res, portant haut le rap congolais sur la sc\u00e8ne internationale et affirmant sa place parmi les artistes qui fa\u00e7onnent l\u2019avenir du hip-hop africain.Apr\u00e8s un parcours marqu\u00e9 par des d\u00e9fis transform\u00e9s en opportunit\u00e9s, SISTA BECKY a aujourd\u2019hui trouv\u00e9 son identit\u00e9 artistique et vient de signer chez Kingdom France pour de beaux projets en perspective. Elle a \u00e9galement sign\u00e9 un contrat d\u2019\u00e9dition chez Atal Music France et pr\u00e9pare une tourn\u00e9e europ\u00e9enne dans des festivals de premier plan\u2026<\/span><span style=\"font-weight: 400;\">\u00a0<\/span><span style=\"font-weight: 400;\">!<\/span>[\/vc_column_text][\/vc_column][\/vc_row]<\/p>\n<\/div>","protected":false},"excerpt":{"rendered":"<p>Le Festival Elongo est un projet imagine\u0301 et finance\u0301 par l&#8217;agence belge de coop\u00e9ration internationale dans le cadre de son programme \u00ab Jeunesse Cre\u0301ative \u00bb.\u00a0<\/p>\n","protected":false},"author":1,"featured_media":3184,"comment_status":"open","ping_status":"open","sticky":false,"template":"","format":"standard","meta":{"footnotes":""},"categories":[1],"tags":[56],"class_list":["post-1563","post","type-post","status-publish","format-standard","has-post-thumbnail","hentry","category-actualites","tag-elongo"],"_links":{"self":[{"href":"https:\/\/elongo-festival.com\/index.php\/wp-json\/wp\/v2\/posts\/1563","targetHints":{"allow":["GET"]}}],"collection":[{"href":"https:\/\/elongo-festival.com\/index.php\/wp-json\/wp\/v2\/posts"}],"about":[{"href":"https:\/\/elongo-festival.com\/index.php\/wp-json\/wp\/v2\/types\/post"}],"author":[{"embeddable":true,"href":"https:\/\/elongo-festival.com\/index.php\/wp-json\/wp\/v2\/users\/1"}],"replies":[{"embeddable":true,"href":"https:\/\/elongo-festival.com\/index.php\/wp-json\/wp\/v2\/comments?post=1563"}],"version-history":[{"count":5,"href":"https:\/\/elongo-festival.com\/index.php\/wp-json\/wp\/v2\/posts\/1563\/revisions"}],"predecessor-version":[{"id":3186,"href":"https:\/\/elongo-festival.com\/index.php\/wp-json\/wp\/v2\/posts\/1563\/revisions\/3186"}],"wp:featuredmedia":[{"embeddable":true,"href":"https:\/\/elongo-festival.com\/index.php\/wp-json\/wp\/v2\/media\/3184"}],"wp:attachment":[{"href":"https:\/\/elongo-festival.com\/index.php\/wp-json\/wp\/v2\/media?parent=1563"}],"wp:term":[{"taxonomy":"category","embeddable":true,"href":"https:\/\/elongo-festival.com\/index.php\/wp-json\/wp\/v2\/categories?post=1563"},{"taxonomy":"post_tag","embeddable":true,"href":"https:\/\/elongo-festival.com\/index.php\/wp-json\/wp\/v2\/tags?post=1563"}],"curies":[{"name":"wp","href":"https:\/\/api.w.org\/{rel}","templated":true}]}}